{"id":7266,"date":"2026-09-04T01:00:15","date_gmt":"2026-09-04T01:00:15","guid":{"rendered":"https:\/\/www.sindibelezadoabc.org.br\/portal\/?p=7266"},"modified":"2026-09-04T01:04:54","modified_gmt":"2026-09-04T01:04:54","slug":"esclarecimento-clausula-58a-da-cct-2026-2027","status":"publish","type":"post","link":"https:\/\/www.sindibelezadoabc.org.br\/portal\/esclarecimento-clausula-58a-da-cct-2026-2027\/","title":{"rendered":"ESCLARECIMENTO \u2013 CL\u00c1USULA 58\u00aa DA CCT 2026\/2027"},"content":{"rendered":"\n<p class=\"wp-block-paragraph\">O SINDIBELEZA ABC, por seu Presidente, Saulo Antunes, no uso de suas atribui\u00e7\u00f5es estatut\u00e1rias, vem a p\u00fablico prestar esclarecimentos acerca da reda\u00e7\u00e3o da Cl\u00e1usula 58\u00aa da Conven\u00e7\u00e3o Coletiva de Trabalho 2026\/2027.<\/p>\n\n\n\n<p class=\"wp-block-paragraph\">Foi identificado erro material de reda\u00e7\u00e3o na referida cl\u00e1usula, especificamente quanto \u00e0 indica\u00e7\u00e3o de pagamento em \u201c4 (quatro) parcelas iguais\u201d, express\u00e3o que gera incompatibilidade com as demais disposi\u00e7\u00f5es constantes da pr\u00f3pria cl\u00e1usula.<\/p>\n\n\n\n<p class=\"wp-block-paragraph\">Para fins de interpreta\u00e7\u00e3o e aplica\u00e7\u00e3o da norma coletiva, dever\u00e1 ser observada a sistem\u00e1tica estabelecida em seus par\u00e1grafos, especialmente o \u00a71\u00ba, que prev\u00ea recolhimentos mensais com vencimento no dia 10, a partir de abril de 2026. CCT 2026-2027.pdf<\/p>\n\n\n\n<p class=\"wp-block-paragraph\">Dessa forma, esclarece-se que a express\u00e3o \u201c4 (quatro) parcelas iguais\u201d n\u00e3o dever\u00e1 ser interpretada como limita\u00e7\u00e3o do per\u00edodo de recolhimento, prevalecendo a sistem\u00e1tica de recolhimentos mensais prevista na pr\u00f3pria cl\u00e1usula, observadas as demais disposi\u00e7\u00f5es do instrumento coletivo.<\/p>\n\n\n\n<p class=\"wp-block-paragraph\">Ressalta-se, ainda, que a Cl\u00e1usula 58\u00aa n\u00e3o estabelece expressamente que a obriga\u00e7\u00e3o de recolhimento esteja limitada a apenas quatro meses.<\/p>\n\n\n\n<p class=\"wp-block-paragraph\">O SINDIBELEZA ABC adotar\u00e1 as provid\u00eancias necess\u00e1rias para formaliza\u00e7\u00e3o do presente esclarecimento e corre\u00e7\u00e3o do erro material, conferindo maior seguran\u00e7a e transpar\u00eancia \u00e0 aplica\u00e7\u00e3o da norma coletiva.<\/p>\n\n\n\n<p class=\"wp-block-paragraph\">Permanecemos \u00e0 disposi\u00e7\u00e3o para os esclarecimentos que se fizerem necess\u00e1rios.<\/p>\n\n\n\n<p class=\"wp-block-paragraph\">Sauda\u00e7\u00f5es Sindicais.<\/p>\n\n\n\n<p class=\"wp-block-paragraph\">SAULO ANTUNES<br>Presidente<br>SINDIBELEZA ABC<\/p>\n","protected":false},"excerpt":{"rendered":"<p>O SINDIBELEZA ABC, por seu Presidente, Saulo Antunes, no uso de suas atribui\u00e7\u00f5es estatut\u00e1rias, vem a p\u00fablico prestar esclarecimentos acerca da reda\u00e7\u00e3o da Cl\u00e1usula 58\u00aa da Conven\u00e7\u00e3o Coletiva de Trabalho 2026\/2027. Foi identificado erro material de reda\u00e7\u00e3o na referida cl\u00e1usula, especificamente quanto \u00e0 indica\u00e7\u00e3o de pagamento em \u201c4 (quatro) parcelas iguais\u201d, express\u00e3o que gera incompatibilidade com as demais disposi\u00e7\u00f5es constantes da pr\u00f3pria cl\u00e1usula. Para fins de interpreta\u00e7\u00e3o e aplica\u00e7\u00e3o da norma coletiva, dever\u00e1 ser observada a sistem\u00e1tica estabelecida em seus par\u00e1grafos, especialmente o \u00a71\u00ba, que prev\u00ea recolhimentos mensais com vencimento no dia 10, a partir de abril de 2026. CCT 2026-2027.pdf Dessa forma, esclarece-se que a express\u00e3o \u201c4 (quatro) parcelas iguais\u201d n\u00e3o dever\u00e1 ser interpretada como limita\u00e7\u00e3o do per\u00edodo de recolhimento, prevalecendo a sistem\u00e1tica de recolhimentos mensais prevista na pr\u00f3pria cl\u00e1usula, observadas as demais disposi\u00e7\u00f5es do instrumento coletivo. Ressalta-se, ainda, que a Cl\u00e1usula 58\u00aa n\u00e3o estabelece expressamente que a obriga\u00e7\u00e3o de recolhimento esteja limitada a apenas quatro meses. O SINDIBELEZA ABC adotar\u00e1 as provid\u00eancias necess\u00e1rias para formaliza\u00e7\u00e3o do presente esclarecimento e corre\u00e7\u00e3o do erro material, conferindo maior seguran\u00e7a e transpar\u00eancia \u00e0 aplica\u00e7\u00e3o da norma coletiva. Permanecemos \u00e0 disposi\u00e7\u00e3o para os esclarecimentos que se fizerem necess\u00e1rios. Sauda\u00e7\u00f5es Sindicais. SAULO ANTUNESPresidenteSINDIBELEZA ABC<\/p>\n","protected":false},"author":5,"featured_media":7269,"comment_status":"closed","ping_status":"closed","sticky":false,"template":"","format":"standard","meta":{"footnotes":""},"categories":[1],"tags":[],"class_list":["post-7266","post","type-post","status-publish","format-standard","has-post-thumbnail","hentry","category-geral"],"_links":{"self":[{"href":"https:\/\/www.sindibelezadoabc.org.br\/portal\/wp-json\/wp\/v2\/posts\/7266","targetHints":{"allow":["GET"]}}],"collection":[{"href":"https:\/\/www.sindibelezadoabc.org.br\/portal\/wp-json\/wp\/v2\/posts"}],"about":[{"href":"https:\/\/www.sindibelezadoabc.org.br\/portal\/wp-json\/wp\/v2\/types\/post"}],"author":[{"embeddable":true,"href":"https:\/\/www.sindibelezadoabc.org.br\/portal\/wp-json\/wp\/v2\/users\/5"}],"replies":[{"embeddable":true,"href":"https:\/\/www.sindibelezadoabc.org.br\/portal\/wp-json\/wp\/v2\/comments?post=7266"}],"version-history":[{"count":1,"href":"https:\/\/www.sindibelezadoabc.org.br\/portal\/wp-json\/wp\/v2\/posts\/7266\/revisions"}],"predecessor-version":[{"id":7268,"href":"https:\/\/www.sindibelezadoabc.org.br\/portal\/wp-json\/wp\/v2\/posts\/7266\/revisions\/7268"}],"wp:featuredmedia":[{"embeddable":true,"href":"https:\/\/www.sindibelezadoabc.org.br\/portal\/wp-json\/wp\/v2\/media\/7269"}],"wp:attachment":[{"href":"https:\/\/www.sindibelezadoabc.org.br\/portal\/wp-json\/wp\/v2\/media?parent=7266"}],"wp:term":[{"taxonomy":"category","embeddable":true,"href":"https:\/\/www.sindibelezadoabc.org.br\/portal\/wp-json\/wp\/v2\/categories?post=7266"},{"taxonomy":"post_tag","embeddable":true,"href":"https:\/\/www.sindibelezadoabc.org.br\/portal\/wp-json\/wp\/v2\/tags?post=7266"}],"curies":[{"name":"wp","href":"https:\/\/api.w.org\/{rel}","templated":true}]}}